{"id":2694,"date":"2022-06-22T19:09:53","date_gmt":"2022-06-22T17:09:53","guid":{"rendered":"https:\/\/lehangarzero.fr\/?p=2694"},"modified":"2022-06-22T19:12:30","modified_gmt":"2022-06-22T17:12:30","slug":"assemblee-generale-2022","status":"publish","type":"post","link":"https:\/\/lehangarzero.fr\/en\/2022\/06\/22\/assemblee-generale-2022\/","title":{"rendered":"Assembl\u00e9e g\u00e9n\u00e9rale 2022"},"content":{"rendered":"<div data-elementor-type=\"wp-post\" data-elementor-id=\"2694\" class=\"elementor elementor-2694\" data-elementor-post-type=\"post\">\n\t\t\t\t\t\t<section class=\"elementor-section elementor-top-section elementor-element elementor-element-eea5902 elementor-section-boxed elementor-section-height-default elementor-section-height-default\" data-id=\"eea5902\" data-element_type=\"section\">\n\t\t\t\t\t\t<div class=\"elementor-container elementor-column-gap-default\">\n\t\t\t\t\t<div class=\"elementor-column elementor-col-100 elementor-top-column elementor-element elementor-element-452dfc4\" data-id=\"452dfc4\" data-element_type=\"column\">\n\t\t\t<div class=\"elementor-widget-wrap elementor-element-populated\">\n\t\t\t\t\t\t<div class=\"elementor-element elementor-element-a9711b9 elementor-widget elementor-widget-text-editor\" data-id=\"a9711b9\" data-element_type=\"widget\" data-widget_type=\"text-editor.default\">\n\t\t\t\t<div class=\"elementor-widget-container\">\n\t\t\t<style>\/*! elementor - v3.21.0 - 18-04-2024 *\/\n.elementor-widget-text-editor.elementor-drop-cap-view-stacked .elementor-drop-cap{background-color:#69727d;color:#fff}.elementor-widget-text-editor.elementor-drop-cap-view-framed .elementor-drop-cap{color:#69727d;border:3px solid;background-color:transparent}.elementor-widget-text-editor:not(.elementor-drop-cap-view-default) .elementor-drop-cap{margin-top:8px}.elementor-widget-text-editor:not(.elementor-drop-cap-view-default) .elementor-drop-cap-letter{width:1em;height:1em}.elementor-widget-text-editor .elementor-drop-cap{float:left;text-align:center;line-height:1;font-size:50px}.elementor-widget-text-editor .elementor-drop-cap-letter{display:inline-block}<\/style>\t\t\t\t<div data-contents=\"true\"><div class=\"\" data-block=\"true\" data-editor=\"fgj1a\" data-offset-key=\"9b48h-0-0\"><div class=\"_1mf _1mj\" data-offset-key=\"9b48h-0-0\"><span data-offset-key=\"9b48h-0-0\"><img decoding=\"async\" class=\"emoji\" role=\"img\" draggable=\"false\" src=\"https:\/\/s.w.org\/images\/core\/emoji\/14.0.0\/svg\/1f4e3.svg\" alt=\"\ud83d\udce3\" \/> Une fois par an, la SCIC (Soci\u00e9t\u00e9 coop\u00e9rative d&rsquo;int\u00e9r\u00eat collectif) qui g\u00e8re le Hangar Z\u00e9ro tient une assembl\u00e9e g\u00e9n\u00e9rale (AG). C&rsquo;est l&rsquo;un des temps forts de rassemblement de l&rsquo;ensemble des membres qui vise \u00e0 d\u00e9terminer les d\u00e9cisions qui devront \u00eatre prises ensemble et du vote des grandes orientations du Hangar Z\u00e9ro.<\/span><\/div><\/div><div class=\"\" data-block=\"true\" data-editor=\"fgj1a\" data-offset-key=\"2kf76-0-0\"><div class=\"_1mf _1mj\" data-offset-key=\"2kf76-0-0\"><span data-offset-key=\"2kf76-0-0\">\u00a0<\/span><\/div><\/div><div class=\"\" data-block=\"true\" data-editor=\"fgj1a\" data-offset-key=\"567qf-0-0\"><div class=\"_1mf _1mj\" data-offset-key=\"567qf-0-0\"><span data-offset-key=\"567qf-0-0\"><img decoding=\"async\" class=\"emoji\" role=\"img\" draggable=\"false\" src=\"https:\/\/s.w.org\/images\/core\/emoji\/14.0.0\/svg\/1f5d3.svg\" alt=\"\ud83d\uddd3\" \/> Rendez-vous le samedi 25 juin de 14h \u00e0 16h.<\/span><\/div><\/div><div class=\"\" data-block=\"true\" data-editor=\"fgj1a\" data-offset-key=\"940ae-0-0\"><div class=\"_1mf _1mj\" data-offset-key=\"940ae-0-0\"><span data-offset-key=\"940ae-0-0\">\u00a0<\/span><\/div><\/div><div class=\"\" data-block=\"true\" data-editor=\"fgj1a\" data-offset-key=\"92h5l-0-0\"><div class=\"_1mf _1mj\" data-offset-key=\"92h5l-0-0\"><span data-offset-key=\"92h5l-0-0\">L&rsquo;AG est ouverte \u00e0 tous.tes ! Si vous souhaitez d\u00e9couvrir le lieu, son fonctionnement, les projets et les \u00e9quipes, vous pouvez y assister.<\/span><\/div><\/div><div class=\"\" data-block=\"true\" data-editor=\"fgj1a\" data-offset-key=\"2r28n-0-0\"><div class=\"_1mf _1mj\" data-offset-key=\"2r28n-0-0\"><span data-offset-key=\"2r28n-0-0\">\u00a0<\/span><\/div><\/div><div class=\"\" data-block=\"true\" data-editor=\"fgj1a\" data-offset-key=\"1rkkj-0-0\"><div class=\"_1mf _1mj\" data-offset-key=\"1rkkj-0-0\"><span data-offset-key=\"1rkkj-0-0\">Si vous voulez d\u00e8s \u00e0 pr\u00e9sent int\u00e9grer le projet et devenir soci\u00e9taire, vous pouvez prendre une part sociale \u00e0 partir de 10\u20ac juste ici <img decoding=\"async\" class=\"emoji\" role=\"img\" draggable=\"false\" src=\"https:\/\/s.w.org\/images\/core\/emoji\/14.0.0\/svg\/1f449.svg\" alt=\"\ud83d\udc49\" \/> http:\/\/urlr.me\/6hHYW<\/span><\/div><\/div><div class=\"\" data-block=\"true\" data-editor=\"fgj1a\" data-offset-key=\"en29l-0-0\"><div class=\"_1mf _1mj\" data-offset-key=\"en29l-0-0\"><span data-offset-key=\"en29l-0-0\">\u00a0<\/span><\/div><\/div><div class=\"\" data-block=\"true\" data-editor=\"fgj1a\" data-offset-key=\"ibh0-0-0\"><div class=\"_1mf _1mj\" data-offset-key=\"ibh0-0-0\"><span data-offset-key=\"ibh0-0-0\">Pour les soci\u00e9taires actuels, le vote des grandes orientations se fait uniquement en ligne jusqu&rsquo;\u00e0 20h le 25 juin : https:\/\/framaforms.org\/vote-des-resolutions-de-lassemblee-generale-2022-le-hangar-zero-1655739230<\/span><\/div><\/div><div class=\"\" data-block=\"true\" data-editor=\"fgj1a\" data-offset-key=\"6ro3s-0-0\"><div class=\"_1mf _1mj\" data-offset-key=\"6ro3s-0-0\"><span data-offset-key=\"6ro3s-0-0\">\u00a0<\/span><\/div><\/div><div class=\"\" data-block=\"true\" data-editor=\"fgj1a\" data-offset-key=\"d95ph-0-0\"><div class=\"_1mf _1mj\" data-offset-key=\"d95ph-0-0\"><span data-offset-key=\"d95ph-0-0\">D\u00e9roulement de l&rsquo;Assembl\u00e9e G\u00e9n\u00e9rale :<\/span><\/div><\/div><div class=\"\" data-block=\"true\" data-editor=\"fgj1a\" data-offset-key=\"1ugc2-0-0\"><div class=\"_1mf _1mj\" data-offset-key=\"1ugc2-0-0\"><span data-offset-key=\"1ugc2-0-0\">14h : discours d&rsquo;introduction de la Pr\u00e9sidente Emilie Lemay<\/span><\/div><\/div><div class=\"\" data-block=\"true\" data-editor=\"fgj1a\" data-offset-key=\"bmvli-0-0\"><div class=\"_1mf _1mj\" data-offset-key=\"bmvli-0-0\"><span data-offset-key=\"bmvli-0-0\">14h15 : rapport d&rsquo;activit\u00e9s. Intervention des Directeurs G\u00e9n\u00e9raux<\/span><\/div><\/div><div class=\"\" data-block=\"true\" data-editor=\"fgj1a\" data-offset-key=\"bv9pi-0-0\"><div class=\"_1mf _1mj\" data-offset-key=\"bv9pi-0-0\"><span data-offset-key=\"bv9pi-0-0\">15h : rapport des comptes (bilan 2021 et budget pr\u00e9visionnel 2022).<\/span><\/div><\/div><div class=\"\" data-block=\"true\" data-editor=\"fgj1a\" data-offset-key=\"6ted-0-0\"><div class=\"_1mf _1mj\" data-offset-key=\"6ted-0-0\"><span data-offset-key=\"6ted-0-0\">15h20 : intervention sur Le Resto<\/span><\/div><\/div><div class=\"\" data-block=\"true\" data-editor=\"fgj1a\" data-offset-key=\"4choh-0-0\"><div class=\"_1mf _1mj\" data-offset-key=\"4choh-0-0\"><span data-offset-key=\"4choh-0-0\">15h25 : intervention sur la Boutique<\/span><\/div><\/div><div class=\"\" data-block=\"true\" data-editor=\"fgj1a\" data-offset-key=\"jts3-0-0\"><div class=\"_1mf _1mj\" data-offset-key=\"jts3-0-0\"><span data-offset-key=\"jts3-0-0\">15h30 : intervention sur le projet \u00ab\u00a0Association contre le d\u00e9crochage scolaire et tissage du lien social\u00a0\u00bb<\/span><\/div><\/div><div class=\"\" data-block=\"true\" data-editor=\"fgj1a\" data-offset-key=\"egebg-0-0\"><div class=\"_1mf _1mj\" data-offset-key=\"egebg-0-0\"><span data-offset-key=\"egebg-0-0\">15h40 : pr\u00e9sentation par les Directeurs g\u00e9n\u00e9raux de leur mandat<\/span><\/div><\/div><div class=\"\" data-block=\"true\" data-editor=\"fgj1a\" data-offset-key=\"a7qf3-0-0\"><div class=\"_1mf _1mj\" data-offset-key=\"a7qf3-0-0\"><span data-offset-key=\"a7qf3-0-0\">15h50 : discours de cl\u00f4ture de la Pr\u00e9sidente sur les besoins actuels et \u00e0 venir de l&rsquo;entreprise<\/span><\/div><\/div><div class=\"\" data-block=\"true\" data-editor=\"fgj1a\" data-offset-key=\"91u3b-0-0\"><div class=\"_1mf _1mj\" data-offset-key=\"91u3b-0-0\"><span data-offset-key=\"91u3b-0-0\">16h : Fin de l&rsquo;Assembl\u00e9e G\u00e9n\u00e9rale et verre de la coop\u00e9ration<\/span><\/div><\/div><div class=\"\" data-block=\"true\" data-editor=\"fgj1a\" data-offset-key=\"evvqq-0-0\"><div class=\"_1mf _1mj\" data-offset-key=\"evvqq-0-0\"><span data-offset-key=\"evvqq-0-0\">\u00a0<\/span><\/div><\/div><div class=\"\" data-block=\"true\" data-editor=\"fgj1a\" data-offset-key=\"29vbi-0-0\"><div class=\"_1mf _1mj\" data-offset-key=\"29vbi-0-0\"><span data-offset-key=\"29vbi-0-0\">Lors de l&rsquo;AG, il n&rsquo;y aura pas de d\u00e9bats. Les soci\u00e9taires seront uniquement amen\u00e9s \u00e0 poser des questions puis \u00e0 voter. En effet, les d\u00e9bats prennent place tout au long de l&rsquo;ann\u00e9e au sein des commissions, des p\u00f4les, des coll\u00e8ges et du cercle d&rsquo;orientation.<\/span><\/div><\/div><div class=\"\" data-block=\"true\" data-editor=\"fgj1a\" data-offset-key=\"9otea-0-0\"><div class=\"_1mf _1mj\" data-offset-key=\"9otea-0-0\"><span data-offset-key=\"9otea-0-0\">\u00a0<\/span><\/div><\/div><div class=\"\" data-block=\"true\" data-editor=\"fgj1a\" data-offset-key=\"u0am-0-0\"><div class=\"_1mf _1mj\" data-offset-key=\"u0am-0-0\"><span data-offset-key=\"u0am-0-0\">Au plaisir de vous y voir !<\/span><\/div><\/div><div class=\"\" data-block=\"true\" data-editor=\"fgj1a\" data-offset-key=\"81i3f-0-0\"><div class=\"_1mf _1mj\" data-offset-key=\"81i3f-0-0\">\u00a0<\/div><\/div><\/div>\t\t\t\t\t\t<\/div>\n\t\t\t\t<\/div>\n\t\t\t\t\t<\/div>\n\t\t<\/div>\n\t\t\t\t\t<\/div>\n\t\t<\/section>\n\t\t\t\t<\/div>","protected":false},"excerpt":{"rendered":"<p>Une fois par an, la SCIC (Soci\u00e9t\u00e9 coop\u00e9rative d&rsquo;int\u00e9r\u00eat collectif) qui g\u00e8re le Hangar Z\u00e9ro tient une assembl\u00e9e g\u00e9n\u00e9rale (AG). C&rsquo;est l&rsquo;un des temps forts de rassemblement de l&rsquo;ensemble des membres qui vise \u00e0 d\u00e9terminer les d\u00e9cisions qui devront \u00eatre prises ensemble et du vote des grandes orientations du Hangar Z\u00e9ro.\u00a0 Rendez-vous le samedi 25 &hellip;<\/p>\n<p class=\"read-more\"> <a class=\"\" href=\"https:\/\/lehangarzero.fr\/en\/2022\/06\/22\/assemblee-generale-2022\/\"> <span class=\"screen-reader-text\">Assembl\u00e9e g\u00e9n\u00e9rale 2022<\/span> Read More &raquo;<\/a><\/p>","protected":false},"author":1,"featured_media":2696,"comment_status":"open","ping_status":"open","sticky":false,"template":"","format":"standard","meta":{"_eb_attr":"","footnotes":""},"categories":[1],"tags":[],"class_list":["post-2694","post","type-post","status-publish","format-standard","has-post-thumbnail","hentry","category-non-classe"],"yoast_head":"<!-- This site is optimized with the Yoast SEO plugin v27.5 - https:\/\/yoast.com\/product\/yoast-seo-wordpress\/ -->\n<title>Assembl\u00e9e g\u00e9n\u00e9rale 2022 - Le Hangar Z\u00e9ro<\/title>\n<meta name=\"robots\" content=\"index, follow, max-snippet:-1, max-image-preview:large, max-video-preview:-1\" \/>\n<link rel=\"canonical\" href=\"https:\/\/lehangarzero.fr\/en\/2022\/06\/22\/assemblee-generale-2022\/\" \/>\n<meta property=\"og:locale\" content=\"en_US\" \/>\n<meta property=\"og:type\" content=\"article\" \/>\n<meta property=\"og:title\" content=\"Assembl\u00e9e g\u00e9n\u00e9rale 2022 - Le Hangar Z\u00e9ro\" \/>\n<meta property=\"og:description\" content=\"Une fois par an, la SCIC (Soci\u00e9t\u00e9 coop\u00e9rative d&rsquo;int\u00e9r\u00eat collectif) qui g\u00e8re le Hangar Z\u00e9ro tient une assembl\u00e9e g\u00e9n\u00e9rale (AG). C&rsquo;est l&rsquo;un des temps forts de rassemblement de l&rsquo;ensemble des membres qui vise \u00e0 d\u00e9terminer les d\u00e9cisions qui devront \u00eatre prises ensemble et du vote des grandes orientations du Hangar Z\u00e9ro.\u00a0 Rendez-vous le samedi 25 &hellip; Assembl\u00e9e g\u00e9n\u00e9rale 2022 Read More &raquo;\" \/>\n<meta property=\"og:url\" content=\"https:\/\/lehangarzero.fr\/en\/2022\/06\/22\/assemblee-generale-2022\/\" \/>\n<meta property=\"og:site_name\" content=\"Le Hangar Z\u00e9ro\" \/>\n<meta property=\"article:published_time\" content=\"2022-06-22T17:09:53+00:00\" \/>\n<meta property=\"article:modified_time\" content=\"2022-06-22T17:12:30+00:00\" \/>\n<meta property=\"og:image\" content=\"https:\/\/lehangarzero.fr\/wp-content\/uploads\/2022\/06\/IMG20220411090537-scaled.jpg\" \/>\n\t<meta property=\"og:image:width\" content=\"2560\" \/>\n\t<meta property=\"og:image:height\" content=\"1920\" \/>\n\t<meta property=\"og:image:type\" content=\"image\/jpeg\" \/>\n<meta name=\"author\" content=\"lehangarzero\" \/>\n<meta name=\"twitter:card\" content=\"summary_large_image\" \/>\n<meta name=\"twitter:label1\" content=\"Written by\" \/>\n\t<meta name=\"twitter:data1\" content=\"lehangarzero\" \/>\n\t<meta name=\"twitter:label2\" content=\"Est. reading time\" \/>\n\t<meta name=\"twitter:data2\" content=\"2 minutes\" \/>\n<script type=\"application\/ld+json\" class=\"yoast-schema-graph\">{\"@context\":\"https:\\\/\\\/schema.org\",\"@graph\":[{\"@type\":\"Article\",\"@id\":\"https:\\\/\\\/lehangarzero.fr\\\/2022\\\/06\\\/22\\\/assemblee-generale-2022\\\/#article\",\"isPartOf\":{\"@id\":\"https:\\\/\\\/lehangarzero.fr\\\/2022\\\/06\\\/22\\\/assemblee-generale-2022\\\/\"},\"author\":{\"name\":\"lehangarzero\",\"@id\":\"https:\\\/\\\/lehangarzero.fr\\\/#\\\/schema\\\/person\\\/5baa05261a72c82a5dbf216661701984\"},\"headline\":\"Assembl\u00e9e g\u00e9n\u00e9rale 2022\",\"datePublished\":\"2022-06-22T17:09:53+00:00\",\"dateModified\":\"2022-06-22T17:12:30+00:00\",\"mainEntityOfPage\":{\"@id\":\"https:\\\/\\\/lehangarzero.fr\\\/2022\\\/06\\\/22\\\/assemblee-generale-2022\\\/\"},\"wordCount\":310,\"commentCount\":0,\"publisher\":{\"@id\":\"https:\\\/\\\/lehangarzero.fr\\\/#organization\"},\"image\":{\"@id\":\"https:\\\/\\\/lehangarzero.fr\\\/2022\\\/06\\\/22\\\/assemblee-generale-2022\\\/#primaryimage\"},\"thumbnailUrl\":\"https:\\\/\\\/lehangarzero.fr\\\/wp-content\\\/uploads\\\/2022\\\/06\\\/IMG20220411090537-scaled.jpg\",\"articleSection\":[\"Non class\u00e9\"],\"inLanguage\":\"en-US\",\"potentialAction\":[{\"@type\":\"CommentAction\",\"name\":\"Comment\",\"target\":[\"https:\\\/\\\/lehangarzero.fr\\\/2022\\\/06\\\/22\\\/assemblee-generale-2022\\\/#respond\"]}]},{\"@type\":\"WebPage\",\"@id\":\"https:\\\/\\\/lehangarzero.fr\\\/2022\\\/06\\\/22\\\/assemblee-generale-2022\\\/\",\"url\":\"https:\\\/\\\/lehangarzero.fr\\\/2022\\\/06\\\/22\\\/assemblee-generale-2022\\\/\",\"name\":\"Assembl\u00e9e g\u00e9n\u00e9rale 2022 - Le Hangar Z\u00e9ro\",\"isPartOf\":{\"@id\":\"https:\\\/\\\/lehangarzero.fr\\\/#website\"},\"primaryImageOfPage\":{\"@id\":\"https:\\\/\\\/lehangarzero.fr\\\/2022\\\/06\\\/22\\\/assemblee-generale-2022\\\/#primaryimage\"},\"image\":{\"@id\":\"https:\\\/\\\/lehangarzero.fr\\\/2022\\\/06\\\/22\\\/assemblee-generale-2022\\\/#primaryimage\"},\"thumbnailUrl\":\"https:\\\/\\\/lehangarzero.fr\\\/wp-content\\\/uploads\\\/2022\\\/06\\\/IMG20220411090537-scaled.jpg\",\"datePublished\":\"2022-06-22T17:09:53+00:00\",\"dateModified\":\"2022-06-22T17:12:30+00:00\",\"breadcrumb\":{\"@id\":\"https:\\\/\\\/lehangarzero.fr\\\/2022\\\/06\\\/22\\\/assemblee-generale-2022\\\/#breadcrumb\"},\"inLanguage\":\"en-US\",\"potentialAction\":[{\"@type\":\"ReadAction\",\"target\":[\"https:\\\/\\\/lehangarzero.fr\\\/2022\\\/06\\\/22\\\/assemblee-generale-2022\\\/\"]}]},{\"@type\":\"ImageObject\",\"inLanguage\":\"en-US\",\"@id\":\"https:\\\/\\\/lehangarzero.fr\\\/2022\\\/06\\\/22\\\/assemblee-generale-2022\\\/#primaryimage\",\"url\":\"https:\\\/\\\/lehangarzero.fr\\\/wp-content\\\/uploads\\\/2022\\\/06\\\/IMG20220411090537-scaled.jpg\",\"contentUrl\":\"https:\\\/\\\/lehangarzero.fr\\\/wp-content\\\/uploads\\\/2022\\\/06\\\/IMG20220411090537-scaled.jpg\",\"width\":2560,\"height\":1920},{\"@type\":\"BreadcrumbList\",\"@id\":\"https:\\\/\\\/lehangarzero.fr\\\/2022\\\/06\\\/22\\\/assemblee-generale-2022\\\/#breadcrumb\",\"itemListElement\":[{\"@type\":\"ListItem\",\"position\":1,\"name\":\"Accueil\",\"item\":\"https:\\\/\\\/lehangarzero.fr\\\/\"},{\"@type\":\"ListItem\",\"position\":2,\"name\":\"Assembl\u00e9e g\u00e9n\u00e9rale 2022\"}]},{\"@type\":\"WebSite\",\"@id\":\"https:\\\/\\\/lehangarzero.fr\\\/#website\",\"url\":\"https:\\\/\\\/lehangarzero.fr\\\/\",\"name\":\"Le Hangar Z\u00e9ro\",\"description\":\"Le laboratoire de la transition \u00e9cologique et citoyenne\",\"publisher\":{\"@id\":\"https:\\\/\\\/lehangarzero.fr\\\/#organization\"},\"potentialAction\":[{\"@type\":\"SearchAction\",\"target\":{\"@type\":\"EntryPoint\",\"urlTemplate\":\"https:\\\/\\\/lehangarzero.fr\\\/?s={search_term_string}\"},\"query-input\":{\"@type\":\"PropertyValueSpecification\",\"valueRequired\":true,\"valueName\":\"search_term_string\"}}],\"inLanguage\":\"en-US\"},{\"@type\":\"Organization\",\"@id\":\"https:\\\/\\\/lehangarzero.fr\\\/#organization\",\"name\":\"Le Hangar Z\u00e9ro\",\"url\":\"https:\\\/\\\/lehangarzero.fr\\\/\",\"logo\":{\"@type\":\"ImageObject\",\"inLanguage\":\"en-US\",\"@id\":\"https:\\\/\\\/lehangarzero.fr\\\/#\\\/schema\\\/logo\\\/image\\\/\",\"url\":\"https:\\\/\\\/lehangarzero.fr\\\/wp-content\\\/uploads\\\/2022\\\/02\\\/cropped-cropped-logo-hz-blanc-1536x977-1.png\",\"contentUrl\":\"https:\\\/\\\/lehangarzero.fr\\\/wp-content\\\/uploads\\\/2022\\\/02\\\/cropped-cropped-logo-hz-blanc-1536x977-1.png\",\"width\":\"1536\",\"height\":\"977\",\"caption\":\"Le Hangar Z\u00e9ro\"},\"image\":{\"@id\":\"https:\\\/\\\/lehangarzero.fr\\\/#\\\/schema\\\/logo\\\/image\\\/\"}},{\"@type\":\"Person\",\"@id\":\"https:\\\/\\\/lehangarzero.fr\\\/#\\\/schema\\\/person\\\/5baa05261a72c82a5dbf216661701984\",\"name\":\"lehangarzero\",\"image\":{\"@type\":\"ImageObject\",\"inLanguage\":\"en-US\",\"@id\":\"https:\\\/\\\/secure.gravatar.com\\\/avatar\\\/468140627f059143c04a72777499d3a01a15e2857d4cdc339a904b2f845b2abe?s=96&d=mm&r=g\",\"url\":\"https:\\\/\\\/secure.gravatar.com\\\/avatar\\\/468140627f059143c04a72777499d3a01a15e2857d4cdc339a904b2f845b2abe?s=96&d=mm&r=g\",\"contentUrl\":\"https:\\\/\\\/secure.gravatar.com\\\/avatar\\\/468140627f059143c04a72777499d3a01a15e2857d4cdc339a904b2f845b2abe?s=96&d=mm&r=g\",\"caption\":\"lehangarzero\"},\"sameAs\":[\"http:\\\/\\\/lehangarzero.fr\"],\"url\":\"https:\\\/\\\/lehangarzero.fr\\\/en\\\/author\\\/lehangarzero\\\/\"}]}<\/script>\n<!-- \/ Yoast SEO plugin. -->","yoast_head_json":{"title":"Assembl\u00e9e g\u00e9n\u00e9rale 2022 - Le Hangar Z\u00e9ro","robots":{"index":"index","follow":"follow","max-snippet":"max-snippet:-1","max-image-preview":"max-image-preview:large","max-video-preview":"max-video-preview:-1"},"canonical":"https:\/\/lehangarzero.fr\/en\/2022\/06\/22\/assemblee-generale-2022\/","og_locale":"en_US","og_type":"article","og_title":"Assembl\u00e9e g\u00e9n\u00e9rale 2022 - Le Hangar Z\u00e9ro","og_description":"Une fois par an, la SCIC (Soci\u00e9t\u00e9 coop\u00e9rative d&rsquo;int\u00e9r\u00eat collectif) qui g\u00e8re le Hangar Z\u00e9ro tient une assembl\u00e9e g\u00e9n\u00e9rale (AG). C&rsquo;est l&rsquo;un des temps forts de rassemblement de l&rsquo;ensemble des membres qui vise \u00e0 d\u00e9terminer les d\u00e9cisions qui devront \u00eatre prises ensemble et du vote des grandes orientations du Hangar Z\u00e9ro.\u00a0 Rendez-vous le samedi 25 &hellip; Assembl\u00e9e g\u00e9n\u00e9rale 2022 Read More &raquo;","og_url":"https:\/\/lehangarzero.fr\/en\/2022\/06\/22\/assemblee-generale-2022\/","og_site_name":"Le Hangar Z\u00e9ro","article_published_time":"2022-06-22T17:09:53+00:00","article_modified_time":"2022-06-22T17:12:30+00:00","og_image":[{"width":2560,"height":1920,"url":"https:\/\/lehangarzero.fr\/wp-content\/uploads\/2022\/06\/IMG20220411090537-scaled.jpg","type":"image\/jpeg"}],"author":"lehangarzero","twitter_card":"summary_large_image","twitter_misc":{"Written by":"lehangarzero","Est. reading time":"2 minutes"},"schema":{"@context":"https:\/\/schema.org","@graph":[{"@type":"Article","@id":"https:\/\/lehangarzero.fr\/2022\/06\/22\/assemblee-generale-2022\/#article","isPartOf":{"@id":"https:\/\/lehangarzero.fr\/2022\/06\/22\/assemblee-generale-2022\/"},"author":{"name":"lehangarzero","@id":"https:\/\/lehangarzero.fr\/#\/schema\/person\/5baa05261a72c82a5dbf216661701984"},"headline":"Assembl\u00e9e g\u00e9n\u00e9rale 2022","datePublished":"2022-06-22T17:09:53+00:00","dateModified":"2022-06-22T17:12:30+00:00","mainEntityOfPage":{"@id":"https:\/\/lehangarzero.fr\/2022\/06\/22\/assemblee-generale-2022\/"},"wordCount":310,"commentCount":0,"publisher":{"@id":"https:\/\/lehangarzero.fr\/#organization"},"image":{"@id":"https:\/\/lehangarzero.fr\/2022\/06\/22\/assemblee-generale-2022\/#primaryimage"},"thumbnailUrl":"https:\/\/lehangarzero.fr\/wp-content\/uploads\/2022\/06\/IMG20220411090537-scaled.jpg","articleSection":["Non class\u00e9"],"inLanguage":"en-US","potentialAction":[{"@type":"CommentAction","name":"Comment","target":["https:\/\/lehangarzero.fr\/2022\/06\/22\/assemblee-generale-2022\/#respond"]}]},{"@type":"WebPage","@id":"https:\/\/lehangarzero.fr\/2022\/06\/22\/assemblee-generale-2022\/","url":"https:\/\/lehangarzero.fr\/2022\/06\/22\/assemblee-generale-2022\/","name":"Assembl\u00e9e g\u00e9n\u00e9rale 2022 - Le Hangar Z\u00e9ro","isPartOf":{"@id":"https:\/\/lehangarzero.fr\/#website"},"primaryImageOfPage":{"@id":"https:\/\/lehangarzero.fr\/2022\/06\/22\/assemblee-generale-2022\/#primaryimage"},"image":{"@id":"https:\/\/lehangarzero.fr\/2022\/06\/22\/assemblee-generale-2022\/#primaryimage"},"thumbnailUrl":"https:\/\/lehangarzero.fr\/wp-content\/uploads\/2022\/06\/IMG20220411090537-scaled.jpg","datePublished":"2022-06-22T17:09:53+00:00","dateModified":"2022-06-22T17:12:30+00:00","breadcrumb":{"@id":"https:\/\/lehangarzero.fr\/2022\/06\/22\/assemblee-generale-2022\/#breadcrumb"},"inLanguage":"en-US","potentialAction":[{"@type":"ReadAction","target":["https:\/\/lehangarzero.fr\/2022\/06\/22\/assemblee-generale-2022\/"]}]},{"@type":"ImageObject","inLanguage":"en-US","@id":"https:\/\/lehangarzero.fr\/2022\/06\/22\/assemblee-generale-2022\/#primaryimage","url":"https:\/\/lehangarzero.fr\/wp-content\/uploads\/2022\/06\/IMG20220411090537-scaled.jpg","contentUrl":"https:\/\/lehangarzero.fr\/wp-content\/uploads\/2022\/06\/IMG20220411090537-scaled.jpg","width":2560,"height":1920},{"@type":"BreadcrumbList","@id":"https:\/\/lehangarzero.fr\/2022\/06\/22\/assemblee-generale-2022\/#breadcrumb","itemListElement":[{"@type":"ListItem","position":1,"name":"Accueil","item":"https:\/\/lehangarzero.fr\/"},{"@type":"ListItem","position":2,"name":"Assembl\u00e9e g\u00e9n\u00e9rale 2022"}]},{"@type":"WebSite","@id":"https:\/\/lehangarzero.fr\/#website","url":"https:\/\/lehangarzero.fr\/","name":"Le Hangar Z\u00e9ro","description":"Le laboratoire de la transition \u00e9cologique et citoyenne","publisher":{"@id":"https:\/\/lehangarzero.fr\/#organization"},"potentialAction":[{"@type":"SearchAction","target":{"@type":"EntryPoint","urlTemplate":"https:\/\/lehangarzero.fr\/?s={search_term_string}"},"query-input":{"@type":"PropertyValueSpecification","valueRequired":true,"valueName":"search_term_string"}}],"inLanguage":"en-US"},{"@type":"Organization","@id":"https:\/\/lehangarzero.fr\/#organization","name":"Le Hangar Z\u00e9ro","url":"https:\/\/lehangarzero.fr\/","logo":{"@type":"ImageObject","inLanguage":"en-US","@id":"https:\/\/lehangarzero.fr\/#\/schema\/logo\/image\/","url":"https:\/\/lehangarzero.fr\/wp-content\/uploads\/2022\/02\/cropped-cropped-logo-hz-blanc-1536x977-1.png","contentUrl":"https:\/\/lehangarzero.fr\/wp-content\/uploads\/2022\/02\/cropped-cropped-logo-hz-blanc-1536x977-1.png","width":"1536","height":"977","caption":"Le Hangar Z\u00e9ro"},"image":{"@id":"https:\/\/lehangarzero.fr\/#\/schema\/logo\/image\/"}},{"@type":"Person","@id":"https:\/\/lehangarzero.fr\/#\/schema\/person\/5baa05261a72c82a5dbf216661701984","name":"lehangarzero","image":{"@type":"ImageObject","inLanguage":"en-US","@id":"https:\/\/secure.gravatar.com\/avatar\/468140627f059143c04a72777499d3a01a15e2857d4cdc339a904b2f845b2abe?s=96&d=mm&r=g","url":"https:\/\/secure.gravatar.com\/avatar\/468140627f059143c04a72777499d3a01a15e2857d4cdc339a904b2f845b2abe?s=96&d=mm&r=g","contentUrl":"https:\/\/secure.gravatar.com\/avatar\/468140627f059143c04a72777499d3a01a15e2857d4cdc339a904b2f845b2abe?s=96&d=mm&r=g","caption":"lehangarzero"},"sameAs":["http:\/\/lehangarzero.fr"],"url":"https:\/\/lehangarzero.fr\/en\/author\/lehangarzero\/"}]}},"_links":{"self":[{"href":"https:\/\/lehangarzero.fr\/en\/wp-json\/wp\/v2\/posts\/2694","targetHints":{"allow":["GET"]}}],"collection":[{"href":"https:\/\/lehangarzero.fr\/en\/wp-json\/wp\/v2\/posts"}],"about":[{"href":"https:\/\/lehangarzero.fr\/en\/wp-json\/wp\/v2\/types\/post"}],"author":[{"embeddable":true,"href":"https:\/\/lehangarzero.fr\/en\/wp-json\/wp\/v2\/users\/1"}],"replies":[{"embeddable":true,"href":"https:\/\/lehangarzero.fr\/en\/wp-json\/wp\/v2\/comments?post=2694"}],"version-history":[{"count":4,"href":"https:\/\/lehangarzero.fr\/en\/wp-json\/wp\/v2\/posts\/2694\/revisions"}],"predecessor-version":[{"id":2699,"href":"https:\/\/lehangarzero.fr\/en\/wp-json\/wp\/v2\/posts\/2694\/revisions\/2699"}],"wp:featuredmedia":[{"embeddable":true,"href":"https:\/\/lehangarzero.fr\/en\/wp-json\/wp\/v2\/media\/2696"}],"wp:attachment":[{"href":"https:\/\/lehangarzero.fr\/en\/wp-json\/wp\/v2\/media?parent=2694"}],"wp:term":[{"taxonomy":"category","embeddable":true,"href":"https:\/\/lehangarzero.fr\/en\/wp-json\/wp\/v2\/categories?post=2694"},{"taxonomy":"post_tag","embeddable":true,"href":"https:\/\/lehangarzero.fr\/en\/wp-json\/wp\/v2\/tags?post=2694"}],"curies":[{"name":"wp","href":"https:\/\/api.w.org\/{rel}","templated":true}]}}