{"id":6837,"date":"2025-01-31T16:03:30","date_gmt":"2025-01-31T15:03:30","guid":{"rendered":"https:\/\/lehangarzero.fr\/?p=6837"},"modified":"2025-02-05T12:17:20","modified_gmt":"2025-02-05T11:17:20","slug":"les-evenements-du-hangar-zero-en-fevrier-un-mois-riche-en-decouvertes-et-en-partage","status":"publish","type":"post","link":"https:\/\/lehangarzero.fr\/en\/2025\/01\/31\/les-evenements-du-hangar-zero-en-fevrier-un-mois-riche-en-decouvertes-et-en-partage\/","title":{"rendered":"Les \u00e9v\u00e9nements au Havre en f\u00e9vrier : un mois riche en d\u00e9couvertes et en partage !"},"content":{"rendered":"<div data-elementor-type=\"wp-post\" data-elementor-id=\"6837\" class=\"elementor elementor-6837\" data-elementor-post-type=\"post\">\n\t\t\t\t\t\t<section class=\"elementor-section elementor-top-section elementor-element elementor-element-ebf80ad elementor-section-boxed elementor-section-height-default elementor-section-height-default\" data-id=\"ebf80ad\" data-element_type=\"section\">\n\t\t\t\t\t\t<div class=\"elementor-container elementor-column-gap-default\">\n\t\t\t\t\t<div class=\"elementor-column elementor-col-100 elementor-top-column elementor-element elementor-element-ef9603f\" data-id=\"ef9603f\" data-element_type=\"column\">\n\t\t\t<div class=\"elementor-widget-wrap elementor-element-populated\">\n\t\t\t\t\t\t<div class=\"elementor-element elementor-element-383e160 elementor-widget elementor-widget-text-editor\" data-id=\"383e160\" data-element_type=\"widget\" data-widget_type=\"text-editor.default\">\n\t\t\t\t<div class=\"elementor-widget-container\">\n\t\t\t<style>\/*! elementor - v3.21.0 - 18-04-2024 *\/\n.elementor-widget-text-editor.elementor-drop-cap-view-stacked .elementor-drop-cap{background-color:#69727d;color:#fff}.elementor-widget-text-editor.elementor-drop-cap-view-framed .elementor-drop-cap{color:#69727d;border:3px solid;background-color:transparent}.elementor-widget-text-editor:not(.elementor-drop-cap-view-default) .elementor-drop-cap{margin-top:8px}.elementor-widget-text-editor:not(.elementor-drop-cap-view-default) .elementor-drop-cap-letter{width:1em;height:1em}.elementor-widget-text-editor .elementor-drop-cap{float:left;text-align:center;line-height:1;font-size:50px}.elementor-widget-text-editor .elementor-drop-cap-letter{display:inline-block}<\/style>\t\t\t\t<p><span style=\"font-weight: 400;\">Le Hangar Z\u00e9ro vous invite \u00e0 un mois de f\u00e9vrier dynamique et engag\u00e9 avec une programmation vari\u00e9e autour de la culture, des ateliers participatifs, des chantiers collectifs et des conf\u00e9rences. D\u00e9couvrez d\u00e8s maintenant les \u00e9v\u00e9nements \u00e0 ne pas manquer !<\/span><\/p>\t\t\t\t\t\t<\/div>\n\t\t\t\t<\/div>\n\t\t\t\t\t<\/div>\n\t\t<\/div>\n\t\t\t\t\t<\/div>\n\t\t<\/section>\n\t\t\t\t<section class=\"elementor-section elementor-top-section elementor-element elementor-element-2520c0f elementor-section-boxed elementor-section-height-default elementor-section-height-default\" data-id=\"2520c0f\" data-element_type=\"section\">\n\t\t\t\t\t\t<div class=\"elementor-container elementor-column-gap-default\">\n\t\t\t\t\t<div class=\"elementor-column elementor-col-100 elementor-top-column elementor-element elementor-element-81babae\" data-id=\"81babae\" data-element_type=\"column\">\n\t\t\t<div class=\"elementor-widget-wrap elementor-element-populated\">\n\t\t\t\t\t\t<div class=\"elementor-element elementor-element-07bd2d3 elementor-widget elementor-widget-image\" data-id=\"07bd2d3\" data-element_type=\"widget\" data-widget_type=\"image.default\">\n\t\t\t\t<div class=\"elementor-widget-container\">\n\t\t\t<style>\/*! elementor - v3.21.0 - 18-04-2024 *\/\n.elementor-widget-image{text-align:center}.elementor-widget-image a{display:inline-block}.elementor-widget-image a img[src$=\".svg\"]{width:48px}.elementor-widget-image img{vertical-align:middle;display:inline-block}<\/style>\t\t\t\t\t\t\t\t\t\t<img fetchpriority=\"high\" decoding=\"async\" width=\"1024\" height=\"724\" src=\"https:\/\/lehangarzero.fr\/wp-content\/uploads\/2025\/01\/Design-sans-titre-2-1024x724.png\" class=\"attachment-large size-large wp-image-6850\" alt=\"\" srcset=\"https:\/\/lehangarzero.fr\/wp-content\/uploads\/2025\/01\/Design-sans-titre-2-1024x724.png 1024w, https:\/\/lehangarzero.fr\/wp-content\/uploads\/2025\/01\/Design-sans-titre-2-300x212.png 300w, https:\/\/lehangarzero.fr\/wp-content\/uploads\/2025\/01\/Design-sans-titre-2-768x543.png 768w, https:\/\/lehangarzero.fr\/wp-content\/uploads\/2025\/01\/Design-sans-titre-2-1536x1086.png 1536w, https:\/\/lehangarzero.fr\/wp-content\/uploads\/2025\/01\/Design-sans-titre-2-18x12.png 18w, https:\/\/lehangarzero.fr\/wp-content\/uploads\/2025\/01\/Design-sans-titre-2.png 2000w\" sizes=\"(max-width: 1024px) 100vw, 1024px\" \/>\t\t\t\t\t\t\t\t\t\t\t\t\t<\/div>\n\t\t\t\t<\/div>\n\t\t\t\t\t<\/div>\n\t\t<\/div>\n\t\t\t\t\t<\/div>\n\t\t<\/section>\n\t\t\t\t<section class=\"elementor-section elementor-top-section elementor-element elementor-element-56e325d elementor-section-boxed elementor-section-height-default elementor-section-height-default\" data-id=\"56e325d\" data-element_type=\"section\">\n\t\t\t\t\t\t<div class=\"elementor-container elementor-column-gap-default\">\n\t\t\t\t\t<div class=\"elementor-column elementor-col-100 elementor-top-column elementor-element elementor-element-88e343c\" data-id=\"88e343c\" data-element_type=\"column\">\n\t\t\t<div class=\"elementor-widget-wrap elementor-element-populated\">\n\t\t\t\t\t\t<div class=\"elementor-element elementor-element-74f18dc elementor-widget elementor-widget-heading\" data-id=\"74f18dc\" data-element_type=\"widget\" data-widget_type=\"heading.default\">\n\t\t\t\t<div class=\"elementor-widget-container\">\n\t\t\t<style>\/*! elementor - v3.21.0 - 18-04-2024 *\/\n.elementor-heading-title{padding:0;margin:0;line-height:1}.elementor-widget-heading .elementor-heading-title[class*=elementor-size-]>a{color:inherit;font-size:inherit;line-height:inherit}.elementor-widget-heading .elementor-heading-title.elementor-size-small{font-size:15px}.elementor-widget-heading .elementor-heading-title.elementor-size-medium{font-size:19px}.elementor-widget-heading .elementor-heading-title.elementor-size-large{font-size:29px}.elementor-widget-heading .elementor-heading-title.elementor-size-xl{font-size:39px}.elementor-widget-heading .elementor-heading-title.elementor-size-xxl{font-size:59px}<\/style><h2 class=\"elementor-heading-title elementor-size-default\">Temps forts du mois<\/h2>\t\t<\/div>\n\t\t\t\t<\/div>\n\t\t\t\t\t<\/div>\n\t\t<\/div>\n\t\t\t\t\t<\/div>\n\t\t<\/section>\n\t\t\t\t<section class=\"elementor-section elementor-top-section elementor-element elementor-element-3ac437a elementor-section-boxed elementor-section-height-default elementor-section-height-default\" data-id=\"3ac437a\" data-element_type=\"section\">\n\t\t\t\t\t\t<div class=\"elementor-container elementor-column-gap-default\">\n\t\t\t\t\t<div class=\"elementor-column elementor-col-100 elementor-top-column elementor-element elementor-element-ce502d0\" data-id=\"ce502d0\" data-element_type=\"column\">\n\t\t\t<div class=\"elementor-widget-wrap elementor-element-populated\">\n\t\t\t\t\t\t<div class=\"elementor-element elementor-element-004d801 elementor-widget elementor-widget-heading\" data-id=\"004d801\" data-element_type=\"widget\" data-widget_type=\"heading.default\">\n\t\t\t\t<div class=\"elementor-widget-container\">\n\t\t\t<h3 class=\"elementor-heading-title elementor-size-default\">\ud83c\udfb6 Concerts & Soir\u00e9es musicales<\/h3>\t\t<\/div>\n\t\t\t\t<\/div>\n\t\t\t\t\t<\/div>\n\t\t<\/div>\n\t\t\t\t\t<\/div>\n\t\t<\/section>\n\t\t\t\t<section class=\"elementor-section elementor-top-section elementor-element elementor-element-754cf4f elementor-section-boxed elementor-section-height-default elementor-section-height-default\" data-id=\"754cf4f\" data-element_type=\"section\">\n\t\t\t\t\t\t<div class=\"elementor-container elementor-column-gap-default\">\n\t\t\t\t\t<div class=\"elementor-column elementor-col-100 elementor-top-column elementor-element elementor-element-81c06c5\" data-id=\"81c06c5\" data-element_type=\"column\">\n\t\t\t<div class=\"elementor-widget-wrap elementor-element-populated\">\n\t\t\t\t\t\t<div class=\"elementor-element elementor-element-c0130b3 elementor-widget elementor-widget-text-editor\" data-id=\"c0130b3\" data-element_type=\"widget\" data-widget_type=\"text-editor.default\">\n\t\t\t\t<div class=\"elementor-widget-container\">\n\t\t\t\t\t\t\t<ul><li style=\"font-weight: 400;\" aria-level=\"1\"><b>LH Reggae Night \u2013 Anonymals<\/b><span style=\"font-weight: 400;\"> : 7 f\u00e9vrier, 20h-00h (Pr\u00e9vente 8\u20ac, sur place 10\u20ac)<\/span><\/li><li style=\"font-weight: 400;\" aria-level=\"1\"><b>Jam Session<\/b><span style=\"font-weight: 400;\"> : 13 f\u00e9vrier, 19h-23h (Gratuit)<\/span><\/li><li style=\"font-weight: 400;\" aria-level=\"1\"><b>Soir\u00e9e Slam et Po\u00e9sie<\/b><span style=\"font-weight: 400;\"> : 14 f\u00e9vrier, 18h-23h (Atelier prix libre, soir\u00e9e gratuite)<\/span><\/li><li style=\"font-weight: 400;\" aria-level=\"1\"><b>Anniversaire de la Coop\u00e9rative + DJ Set<\/b><span style=\"font-weight: 400;\"> : 15 f\u00e9vrier, 19h (Gratuit)<\/span><\/li><li style=\"font-weight: 400;\" aria-level=\"1\"><b>D\u00e9cadence \u2013 Soir\u00e9e \u00e9lectro<\/b><span style=\"font-weight: 400;\"> : 22 f\u00e9vrier, 20h-00h (Entr\u00e9e prix libre)<\/span><\/li><\/ul>\t\t\t\t\t\t<\/div>\n\t\t\t\t<\/div>\n\t\t\t\t\t<\/div>\n\t\t<\/div>\n\t\t\t\t\t<\/div>\n\t\t<\/section>\n\t\t\t\t<section class=\"elementor-section elementor-top-section elementor-element elementor-element-871edc8 elementor-section-boxed elementor-section-height-default elementor-section-height-default\" data-id=\"871edc8\" data-element_type=\"section\">\n\t\t\t\t\t\t<div class=\"elementor-container elementor-column-gap-default\">\n\t\t\t\t\t<div class=\"elementor-column elementor-col-100 elementor-top-column elementor-element elementor-element-31c10d6\" data-id=\"31c10d6\" data-element_type=\"column\">\n\t\t\t<div class=\"elementor-widget-wrap elementor-element-populated\">\n\t\t\t\t\t\t<div class=\"elementor-element elementor-element-db836ed elementor-widget elementor-widget-heading\" data-id=\"db836ed\" data-element_type=\"widget\" data-widget_type=\"heading.default\">\n\t\t\t\t<div class=\"elementor-widget-container\">\n\t\t\t<h3 class=\"elementor-heading-title elementor-size-default\">\ud83c\udfa8 Ateliers cr\u00e9atifs et participatifs<\/h3>\t\t<\/div>\n\t\t\t\t<\/div>\n\t\t\t\t\t<\/div>\n\t\t<\/div>\n\t\t\t\t\t<\/div>\n\t\t<\/section>\n\t\t\t\t<section class=\"elementor-section elementor-top-section elementor-element elementor-element-f9b7827 elementor-section-boxed elementor-section-height-default elementor-section-height-default\" data-id=\"f9b7827\" data-element_type=\"section\">\n\t\t\t\t\t\t<div class=\"elementor-container elementor-column-gap-default\">\n\t\t\t\t\t<div class=\"elementor-column elementor-col-100 elementor-top-column elementor-element elementor-element-1540b8e\" data-id=\"1540b8e\" data-element_type=\"column\">\n\t\t\t<div class=\"elementor-widget-wrap elementor-element-populated\">\n\t\t\t\t\t\t<div class=\"elementor-element elementor-element-3a6d5ba elementor-widget elementor-widget-text-editor\" data-id=\"3a6d5ba\" data-element_type=\"widget\" data-widget_type=\"text-editor.default\">\n\t\t\t\t<div class=\"elementor-widget-container\">\n\t\t\t\t\t\t\t<ul><li><b>Atelier C\u00e9ramique<\/b><span style=\"font-weight: 400;\"> : 8, 13, et 15 f\u00e9vrier, 15h-17h (20\u20ac, sur r\u00e9servation : c.encouleurs76@gmail.com)<\/span><\/li><li><b>Atelier Parents-Enfants<\/b><span style=\"font-weight: 400;\"> : 12 f\u00e9vrier, 15h-16h30 (Gratuit)<\/span><\/li><li><b>Atelier couture<\/b><span style=\"font-weight: 400;\"> : 5 f\u00e9vrier, 10h-12h (30\u20ac, sur r\u00e9servation : ozalee.ozalee@hotmail.com)<\/span><\/li><li><b>Atelier fabrication de Cerf-Volant<\/b><span style=\"font-weight: 400;\"> : 8 et 22 f\u00e9vrier, 15h-17h (Prix libre, d\u00e8s 7 ans, r\u00e9servation : etienne.veyres384@gmail.com)<\/span><\/li><li><b style=\"font-style: inherit;\">Atelier Macram\u00e9<\/b><span style=\"font-weight: 400;\"> : 1er mars, 15h-17h (Sur r\u00e9servation : 07 69 26 05 80)<\/span><\/li><li style=\"list-style-type: none;\">\u00a0<\/li><\/ul>\t\t\t\t\t\t<\/div>\n\t\t\t\t<\/div>\n\t\t\t\t\t<\/div>\n\t\t<\/div>\n\t\t\t\t\t<\/div>\n\t\t<\/section>\n\t\t\t\t<section class=\"elementor-section elementor-top-section elementor-element elementor-element-56023d0 elementor-section-boxed elementor-section-height-default elementor-section-height-default\" data-id=\"56023d0\" data-element_type=\"section\">\n\t\t\t\t\t\t<div class=\"elementor-container elementor-column-gap-default\">\n\t\t\t\t\t<div class=\"elementor-column elementor-col-100 elementor-top-column elementor-element elementor-element-853751d\" data-id=\"853751d\" data-element_type=\"column\">\n\t\t\t<div class=\"elementor-widget-wrap elementor-element-populated\">\n\t\t\t\t\t\t<div class=\"elementor-element elementor-element-e934647 elementor-widget elementor-widget-heading\" data-id=\"e934647\" data-element_type=\"widget\" data-widget_type=\"heading.default\">\n\t\t\t\t<div class=\"elementor-widget-container\">\n\t\t\t<h3 class=\"elementor-heading-title elementor-size-default\">\ud83c\udf0d Chantiers participatifs & \u00e9cologie<\/h3>\t\t<\/div>\n\t\t\t\t<\/div>\n\t\t\t\t\t<\/div>\n\t\t<\/div>\n\t\t\t\t\t<\/div>\n\t\t<\/section>\n\t\t\t\t<section class=\"elementor-section elementor-top-section elementor-element elementor-element-d86ed9f elementor-section-boxed elementor-section-height-default elementor-section-height-default\" data-id=\"d86ed9f\" data-element_type=\"section\">\n\t\t\t\t\t\t<div class=\"elementor-container elementor-column-gap-default\">\n\t\t\t\t\t<div class=\"elementor-column elementor-col-100 elementor-top-column elementor-element elementor-element-7cc4dfa\" data-id=\"7cc4dfa\" data-element_type=\"column\">\n\t\t\t<div class=\"elementor-widget-wrap elementor-element-populated\">\n\t\t\t\t\t\t<div class=\"elementor-element elementor-element-c7fc90c elementor-widget elementor-widget-text-editor\" data-id=\"c7fc90c\" data-element_type=\"widget\" data-widget_type=\"text-editor.default\">\n\t\t\t\t<div class=\"elementor-widget-container\">\n\t\t\t\t\t\t\t<ul><li style=\"font-weight: 400;\" aria-level=\"1\"><b>Chantier Jardins<\/b><span style=\"font-weight: 400;\"> : 8 et 15 f\u00e9vrier, 14h30-17h (Gratuit)<\/span><\/li><li style=\"font-weight: 400;\" aria-level=\"1\"><b>Atelier empreinte carbone \u00ab\u00a02tonnes\u00a0\u00bb<\/b><span style=\"font-weight: 400;\"> : 13 f\u00e9vrier, 18h30-21h30 (Prix libre, sur r\u00e9servation)<\/span><\/li><li style=\"font-weight: 400;\" aria-level=\"1\"><b>Ap\u00e9ro D\u00e9croissant<\/b><span style=\"font-weight: 400;\"> : 27 f\u00e9vrier, 19h-21h (Entr\u00e9e libre)<\/span><\/li><li style=\"font-weight: 400;\" aria-level=\"1\"><b>Projection \u00ab\u00a0Demain d\u00e8s l&rsquo;aube\u00a0\u00bb<\/b><span style=\"font-weight: 400;\"> : 27 f\u00e9vrier, 18h-20h (Gratuit)<\/span><\/li><li style=\"font-weight: 400;\" aria-level=\"1\"><b style=\"font-style: inherit;\">Chantiers Communs \u2013 Chantiers Participatifs<\/b><span style=\"font-weight: 400;\"> : 1er et 2 mars, 9h-17h (Gratuit, r\u00e9servation sur <a href=\"https:\/\/chantierscommuns.fr\/\">chantierscommuns.fr<\/a>)<\/span><\/li><\/ul>\t\t\t\t\t\t<\/div>\n\t\t\t\t<\/div>\n\t\t\t\t\t<\/div>\n\t\t<\/div>\n\t\t\t\t\t<\/div>\n\t\t<\/section>\n\t\t\t\t<section class=\"elementor-section elementor-top-section elementor-element elementor-element-754157c elementor-section-boxed elementor-section-height-default elementor-section-height-default\" data-id=\"754157c\" data-element_type=\"section\">\n\t\t\t\t\t\t<div class=\"elementor-container elementor-column-gap-default\">\n\t\t\t\t\t<div class=\"elementor-column elementor-col-100 elementor-top-column elementor-element elementor-element-7324051\" data-id=\"7324051\" data-element_type=\"column\">\n\t\t\t<div class=\"elementor-widget-wrap elementor-element-populated\">\n\t\t\t\t\t\t<div class=\"elementor-element elementor-element-ccf5939 elementor-widget elementor-widget-heading\" data-id=\"ccf5939\" data-element_type=\"widget\" data-widget_type=\"heading.default\">\n\t\t\t\t<div class=\"elementor-widget-container\">\n\t\t\t<h3 class=\"elementor-heading-title elementor-size-default\">\ud83c\udf7d\ufe0f Gastronomie et moments conviviaux<\/h3>\t\t<\/div>\n\t\t\t\t<\/div>\n\t\t\t\t\t<\/div>\n\t\t<\/div>\n\t\t\t\t\t<\/div>\n\t\t<\/section>\n\t\t\t\t<section class=\"elementor-section elementor-top-section elementor-element elementor-element-8e55aa6 elementor-section-boxed elementor-section-height-default elementor-section-height-default\" data-id=\"8e55aa6\" data-element_type=\"section\">\n\t\t\t\t\t\t<div class=\"elementor-container elementor-column-gap-default\">\n\t\t\t\t\t<div class=\"elementor-column elementor-col-100 elementor-top-column elementor-element elementor-element-bd07293\" data-id=\"bd07293\" data-element_type=\"column\">\n\t\t\t<div class=\"elementor-widget-wrap elementor-element-populated\">\n\t\t\t\t\t\t<div class=\"elementor-element elementor-element-f7b88d8 elementor-widget elementor-widget-text-editor\" data-id=\"f7b88d8\" data-element_type=\"widget\" data-widget_type=\"text-editor.default\">\n\t\t\t\t<div class=\"elementor-widget-container\">\n\t\t\t\t\t\t\t<ul><li style=\"font-weight: 400;\" aria-level=\"1\"><b>Atelier cuisine participative<\/b><span style=\"font-weight: 400;\"> : 23 f\u00e9vrier, 9h-12h30 (Gratuit, sur r\u00e9servation : contact@tableesdequartiers.org)<\/span><\/li><li style=\"font-weight: 400;\" aria-level=\"1\"><b>Tabl\u00e9e de quartier<\/b><span style=\"font-weight: 400;\"> : 23 f\u00e9vrier, 12h30 (Repas \u00e0 prix choisis : 10\u20ac, 12\u20ac ou 16\u20ac, sur r\u00e9servation : <a href=\"https:\/\/urlr.me\/AjK25t\">Via ce lien<\/a>)<\/span><\/li><li style=\"font-weight: 400;\" aria-level=\"1\"><b style=\"font-style: inherit;\">Soir\u00e9e Chaud Patate &#8211; Raclette normande<\/b><span style=\"font-weight: 400;\"> : 14 f\u00e9vrier, 19h-22h (Entr\u00e9e libre)<\/span><\/li><\/ul>\t\t\t\t\t\t<\/div>\n\t\t\t\t<\/div>\n\t\t\t\t\t<\/div>\n\t\t<\/div>\n\t\t\t\t\t<\/div>\n\t\t<\/section>\n\t\t\t\t<section class=\"elementor-section elementor-top-section elementor-element elementor-element-ba5555c elementor-section-boxed elementor-section-height-default elementor-section-height-default\" data-id=\"ba5555c\" data-element_type=\"section\">\n\t\t\t\t\t\t<div class=\"elementor-container elementor-column-gap-default\">\n\t\t\t\t\t<div class=\"elementor-column elementor-col-100 elementor-top-column elementor-element elementor-element-06cda5f\" data-id=\"06cda5f\" data-element_type=\"column\">\n\t\t\t<div class=\"elementor-widget-wrap elementor-element-populated\">\n\t\t\t\t\t\t<div class=\"elementor-element elementor-element-f51a9a9 elementor-widget elementor-widget-heading\" data-id=\"f51a9a9\" data-element_type=\"widget\" data-widget_type=\"heading.default\">\n\t\t\t\t<div class=\"elementor-widget-container\">\n\t\t\t<h2 class=\"elementor-heading-title elementor-size-default\">Les r\u00e9currences dans la programmation<\/h2>\t\t<\/div>\n\t\t\t\t<\/div>\n\t\t\t\t\t<\/div>\n\t\t<\/div>\n\t\t\t\t\t<\/div>\n\t\t<\/section>\n\t\t\t\t<section class=\"elementor-section elementor-top-section elementor-element elementor-element-f5beebf elementor-section-boxed elementor-section-height-default elementor-section-height-default\" data-id=\"f5beebf\" data-element_type=\"section\">\n\t\t\t\t\t\t<div class=\"elementor-container elementor-column-gap-default\">\n\t\t\t\t\t<div class=\"elementor-column elementor-col-100 elementor-top-column elementor-element elementor-element-68db5ac\" data-id=\"68db5ac\" data-element_type=\"column\">\n\t\t\t<div class=\"elementor-widget-wrap elementor-element-populated\">\n\t\t\t\t\t\t<div class=\"elementor-element elementor-element-24cdba1 elementor-widget elementor-widget-image\" data-id=\"24cdba1\" data-element_type=\"widget\" data-widget_type=\"image.default\">\n\t\t\t\t<div class=\"elementor-widget-container\">\n\t\t\t\t\t\t\t\t\t\t\t\t\t<img decoding=\"async\" width=\"1024\" height=\"724\" src=\"https:\/\/lehangarzero.fr\/wp-content\/uploads\/2025\/01\/18h-19h30-Gratuit-1024x724.png\" class=\"attachment-large size-large wp-image-6851\" alt=\"\" srcset=\"https:\/\/lehangarzero.fr\/wp-content\/uploads\/2025\/01\/18h-19h30-Gratuit-1024x724.png 1024w, https:\/\/lehangarzero.fr\/wp-content\/uploads\/2025\/01\/18h-19h30-Gratuit-300x212.png 300w, https:\/\/lehangarzero.fr\/wp-content\/uploads\/2025\/01\/18h-19h30-Gratuit-768x543.png 768w, https:\/\/lehangarzero.fr\/wp-content\/uploads\/2025\/01\/18h-19h30-Gratuit-1536x1086.png 1536w, https:\/\/lehangarzero.fr\/wp-content\/uploads\/2025\/01\/18h-19h30-Gratuit-18x12.png 18w, https:\/\/lehangarzero.fr\/wp-content\/uploads\/2025\/01\/18h-19h30-Gratuit.png 2000w\" sizes=\"(max-width: 1024px) 100vw, 1024px\" \/>\t\t\t\t\t\t\t\t\t\t\t\t\t<\/div>\n\t\t\t\t<\/div>\n\t\t\t\t\t<\/div>\n\t\t<\/div>\n\t\t\t\t\t<\/div>\n\t\t<\/section>\n\t\t\t\t<section class=\"elementor-section elementor-top-section elementor-element elementor-element-fea4d51 elementor-section-boxed elementor-section-height-default elementor-section-height-default\" data-id=\"fea4d51\" data-element_type=\"section\">\n\t\t\t\t\t\t<div class=\"elementor-container elementor-column-gap-default\">\n\t\t\t\t\t<div class=\"elementor-column elementor-col-100 elementor-top-column elementor-element elementor-element-20e4399\" data-id=\"20e4399\" data-element_type=\"column\">\n\t\t\t<div class=\"elementor-widget-wrap elementor-element-populated\">\n\t\t\t\t\t\t<div class=\"elementor-element elementor-element-b76eb4d elementor-widget elementor-widget-text-editor\" data-id=\"b76eb4d\" data-element_type=\"widget\" data-widget_type=\"text-editor.default\">\n\t\t\t\t<div class=\"elementor-widget-container\">\n\t\t\t\t\t\t\t<p><span style=\"font-weight: 400;\">Ne manquez pas nos activit\u00e9s r\u00e9currentes :<\/span><\/p><ul><li style=\"font-weight: 400;\" aria-level=\"1\"><b>Session irlandaise avec Eavesdroppers<\/b><span style=\"font-weight: 400;\"> : Tous les mercredis, 17h-19h<\/span><\/li><li style=\"font-weight: 400;\" aria-level=\"1\"><b>Atelier dessin<\/b><span style=\"font-weight: 400;\"> : Tous les jeudis, 17h-19h (Prix libre)<\/span><\/li><li style=\"font-weight: 400;\" aria-level=\"1\"><b>Chantiers participatifs \u00ab\u00a0Enduits terre\u00a0\u00bb<\/b><span style=\"font-weight: 400;\"> : Tous les samedis, 9h30-16h30<\/span><\/li><li style=\"font-weight: 400;\" aria-level=\"1\"><b>Jeux en libre-service<\/b><span style=\"font-weight: 400;\"> : Tous les mercredis, 14h30-16h30 (Gratuit)<\/span><\/li><li><strong>Rencontre Collectif Climat<\/strong> : Tous les mercredis, 18h-19h30, Gratuit<\/li><li aria-level=\"1\"><p data-pm-slice=\"1 1 [&quot;list&quot;,{&quot;spread&quot;:false,&quot;start&quot;:2258,&quot;end&quot;:2796},&quot;regular_list_item&quot;,{&quot;start&quot;:2613,&quot;end&quot;:2732}]\"><strong>Polymage : Atelier Tirage Argentique<\/strong> : Tous les samedis, 15h-17h (20\u20ac, sur r\u00e9servation : <a>polymage.zero@gmail.com<\/a>)<\/p><\/li><\/ul>\t\t\t\t\t\t<\/div>\n\t\t\t\t<\/div>\n\t\t\t\t\t<\/div>\n\t\t<\/div>\n\t\t\t\t\t<\/div>\n\t\t<\/section>\n\t\t\t\t<section class=\"elementor-section elementor-top-section elementor-element elementor-element-139a399 elementor-section-boxed elementor-section-height-default elementor-section-height-default\" data-id=\"139a399\" data-element_type=\"section\">\n\t\t\t\t\t\t<div class=\"elementor-container elementor-column-gap-default\">\n\t\t\t\t\t<div class=\"elementor-column elementor-col-100 elementor-top-column elementor-element elementor-element-4490684\" data-id=\"4490684\" data-element_type=\"column\">\n\t\t\t<div class=\"elementor-widget-wrap elementor-element-populated\">\n\t\t\t\t\t\t<div class=\"elementor-element elementor-element-a2be29e elementor-widget elementor-widget-heading\" data-id=\"a2be29e\" data-element_type=\"widget\" data-widget_type=\"heading.default\">\n\t\t\t\t<div class=\"elementor-widget-container\">\n\t\t\t<h2 class=\"elementor-heading-title elementor-size-default\">Rendez-vous au Hangar Z\u00e9ro !<\/h2>\t\t<\/div>\n\t\t\t\t<\/div>\n\t\t\t\t\t<\/div>\n\t\t<\/div>\n\t\t\t\t\t<\/div>\n\t\t<\/section>\n\t\t\t\t<section class=\"elementor-section elementor-top-section elementor-element elementor-element-d79e950 elementor-section-boxed elementor-section-height-default elementor-section-height-default\" data-id=\"d79e950\" data-element_type=\"section\">\n\t\t\t\t\t\t<div class=\"elementor-container elementor-column-gap-default\">\n\t\t\t\t\t<div class=\"elementor-column elementor-col-100 elementor-top-column elementor-element elementor-element-decd7d0\" data-id=\"decd7d0\" data-element_type=\"column\">\n\t\t\t<div class=\"elementor-widget-wrap elementor-element-populated\">\n\t\t\t\t\t\t<div class=\"elementor-element elementor-element-ba09c76 elementor-widget elementor-widget-text-editor\" data-id=\"ba09c76\" data-element_type=\"widget\" data-widget_type=\"text-editor.default\">\n\t\t\t\t<div class=\"elementor-widget-container\">\n\t\t\t\t\t\t\t<p><span style=\"font-weight: 400;\">\ud83d\udccd <\/span><b>37 Quai de la Sa\u00f4ne, Le Havre<\/b><\/p><p><span style=\"font-weight: 400;\">\ud83c\udf7d\ufe0f <\/span><b>Restaurant durable ouvert tous les midis<\/b>\u00a0&#8211;\u00a0<span style=\"font-size: 1rem; font-weight: bold;\">Du mardi au samedi<\/span><span style=\"font-size: 1rem;\">\u00a0<\/span><\/p><p><span style=\"font-style: inherit;\">\ud83d\udecd\ufe0f <\/span><b style=\"font-style: inherit;\">Boutique artisanale et commerce \u00e9quitable<\/b><\/p><p><span style=\"font-weight: 400;\">Pour plus d\u2019infos et r\u00e9servations, visitez<\/span><a style=\"color: #ff6600;\" href=\"https:\/\/lehangarzero.fr\/en\/\"> <span style=\"font-weight: 400;\">lehangarzero.fr<\/span><\/a><span style=\"font-weight: 400;\"> et suivez-nous sur les r\u00e9seaux sociaux !<\/span><\/p>\t\t\t\t\t\t<\/div>\n\t\t\t\t<\/div>\n\t\t\t\t\t<\/div>\n\t\t<\/div>\n\t\t\t\t\t<\/div>\n\t\t<\/section>\n\t\t\t\t<\/div>","protected":false},"excerpt":{"rendered":"<p>Le Hangar Z\u00e9ro vous invite \u00e0 un mois de f\u00e9vrier dynamique et engag\u00e9 avec une programmation vari\u00e9e autour de la culture, des ateliers participatifs, des chantiers collectifs et des conf\u00e9rences. D\u00e9couvrez d\u00e8s maintenant les \u00e9v\u00e9nements \u00e0 ne pas manquer ! Temps forts du mois \ud83c\udfb6 Concerts &#038; Soir\u00e9es musicales LH Reggae Night \u2013 Anonymals : &hellip;<\/p>\n<p class=\"read-more\"> <a class=\"\" href=\"https:\/\/lehangarzero.fr\/en\/2025\/01\/31\/les-evenements-du-hangar-zero-en-fevrier-un-mois-riche-en-decouvertes-et-en-partage\/\"> <span class=\"screen-reader-text\">Les \u00e9v\u00e9nements au Havre en f\u00e9vrier : un mois riche en d\u00e9couvertes et en partage !<\/span> Read More &raquo;<\/a><\/p>","protected":false},"author":1,"featured_media":6841,"comment_status":"open","ping_status":"open","sticky":false,"template":"","format":"standard","meta":{"_eb_attr":"","footnotes":""},"categories":[1],"tags":[],"class_list":["post-6837","post","type-post","status-publish","format-standard","has-post-thumbnail","hentry","category-non-classe"],"yoast_head":"<!-- This site is optimized with the Yoast SEO plugin v27.5 - https:\/\/yoast.com\/product\/yoast-seo-wordpress\/ -->\n<title>Les \u00e9v\u00e9nements au Havre en f\u00e9vrier : un mois riche en d\u00e9couvertes et en partage ! - Le Hangar Z\u00e9ro<\/title>\n<meta name=\"description\" content=\"D\u00e9couvrez la programmation du Hangar Z\u00e9ro en f\u00e9vrier : concerts, ateliers, chantiers participatifs et \u00e9v\u00e9nements engag\u00e9s au Havre. Participez d\u00e8s maintenant !\" \/>\n<meta name=\"robots\" content=\"index, follow, max-snippet:-1, max-image-preview:large, max-video-preview:-1\" \/>\n<link rel=\"canonical\" href=\"https:\/\/lehangarzero.fr\/en\/2025\/01\/31\/les-evenements-du-hangar-zero-en-fevrier-un-mois-riche-en-decouvertes-et-en-partage\/\" \/>\n<meta property=\"og:locale\" content=\"en_US\" \/>\n<meta property=\"og:type\" content=\"article\" \/>\n<meta property=\"og:title\" content=\"Les \u00e9v\u00e9nements au Havre en f\u00e9vrier : un mois riche en d\u00e9couvertes et en partage ! - Le Hangar Z\u00e9ro\" \/>\n<meta property=\"og:description\" content=\"D\u00e9couvrez la programmation du Hangar Z\u00e9ro en f\u00e9vrier : concerts, ateliers, chantiers participatifs et \u00e9v\u00e9nements engag\u00e9s au Havre. Participez d\u00e8s maintenant !\" \/>\n<meta property=\"og:url\" content=\"https:\/\/lehangarzero.fr\/en\/2025\/01\/31\/les-evenements-du-hangar-zero-en-fevrier-un-mois-riche-en-decouvertes-et-en-partage\/\" \/>\n<meta property=\"og:site_name\" content=\"Le Hangar Z\u00e9ro\" \/>\n<meta property=\"article:published_time\" content=\"2025-01-31T15:03:30+00:00\" \/>\n<meta property=\"article:modified_time\" content=\"2025-02-05T11:17:20+00:00\" \/>\n<meta property=\"og:image\" content=\"https:\/\/lehangarzero.fr\/wp-content\/uploads\/2025\/01\/Design-sans-titre-3.png\" \/>\n\t<meta property=\"og:image:width\" content=\"2000\" \/>\n\t<meta property=\"og:image:height\" content=\"1414\" \/>\n\t<meta property=\"og:image:type\" content=\"image\/png\" \/>\n<meta name=\"author\" content=\"lehangarzero\" \/>\n<meta name=\"twitter:card\" content=\"summary_large_image\" \/>\n<meta name=\"twitter:label1\" content=\"Written by\" \/>\n\t<meta name=\"twitter:data1\" content=\"lehangarzero\" \/>\n\t<meta name=\"twitter:label2\" content=\"Est. reading time\" \/>\n\t<meta name=\"twitter:data2\" content=\"3 minutes\" \/>\n<script type=\"application\/ld+json\" class=\"yoast-schema-graph\">{\"@context\":\"https:\\\/\\\/schema.org\",\"@graph\":[{\"@type\":\"Article\",\"@id\":\"https:\\\/\\\/lehangarzero.fr\\\/2025\\\/01\\\/31\\\/les-evenements-du-hangar-zero-en-fevrier-un-mois-riche-en-decouvertes-et-en-partage\\\/#article\",\"isPartOf\":{\"@id\":\"https:\\\/\\\/lehangarzero.fr\\\/2025\\\/01\\\/31\\\/les-evenements-du-hangar-zero-en-fevrier-un-mois-riche-en-decouvertes-et-en-partage\\\/\"},\"author\":{\"name\":\"lehangarzero\",\"@id\":\"https:\\\/\\\/lehangarzero.fr\\\/#\\\/schema\\\/person\\\/5baa05261a72c82a5dbf216661701984\"},\"headline\":\"Les \u00e9v\u00e9nements au Havre en f\u00e9vrier : un mois riche en d\u00e9couvertes et en partage !\",\"datePublished\":\"2025-01-31T15:03:30+00:00\",\"dateModified\":\"2025-02-05T11:17:20+00:00\",\"mainEntityOfPage\":{\"@id\":\"https:\\\/\\\/lehangarzero.fr\\\/2025\\\/01\\\/31\\\/les-evenements-du-hangar-zero-en-fevrier-un-mois-riche-en-decouvertes-et-en-partage\\\/\"},\"wordCount\":430,\"commentCount\":0,\"publisher\":{\"@id\":\"https:\\\/\\\/lehangarzero.fr\\\/#organization\"},\"image\":{\"@id\":\"https:\\\/\\\/lehangarzero.fr\\\/2025\\\/01\\\/31\\\/les-evenements-du-hangar-zero-en-fevrier-un-mois-riche-en-decouvertes-et-en-partage\\\/#primaryimage\"},\"thumbnailUrl\":\"https:\\\/\\\/lehangarzero.fr\\\/wp-content\\\/uploads\\\/2025\\\/01\\\/Design-sans-titre-3.png\",\"articleSection\":[\"Non class\u00e9\"],\"inLanguage\":\"en-US\",\"potentialAction\":[{\"@type\":\"CommentAction\",\"name\":\"Comment\",\"target\":[\"https:\\\/\\\/lehangarzero.fr\\\/2025\\\/01\\\/31\\\/les-evenements-du-hangar-zero-en-fevrier-un-mois-riche-en-decouvertes-et-en-partage\\\/#respond\"]}]},{\"@type\":\"WebPage\",\"@id\":\"https:\\\/\\\/lehangarzero.fr\\\/2025\\\/01\\\/31\\\/les-evenements-du-hangar-zero-en-fevrier-un-mois-riche-en-decouvertes-et-en-partage\\\/\",\"url\":\"https:\\\/\\\/lehangarzero.fr\\\/2025\\\/01\\\/31\\\/les-evenements-du-hangar-zero-en-fevrier-un-mois-riche-en-decouvertes-et-en-partage\\\/\",\"name\":\"Les \u00e9v\u00e9nements au Havre en f\u00e9vrier : un mois riche en d\u00e9couvertes et en partage ! - Le Hangar Z\u00e9ro\",\"isPartOf\":{\"@id\":\"https:\\\/\\\/lehangarzero.fr\\\/#website\"},\"primaryImageOfPage\":{\"@id\":\"https:\\\/\\\/lehangarzero.fr\\\/2025\\\/01\\\/31\\\/les-evenements-du-hangar-zero-en-fevrier-un-mois-riche-en-decouvertes-et-en-partage\\\/#primaryimage\"},\"image\":{\"@id\":\"https:\\\/\\\/lehangarzero.fr\\\/2025\\\/01\\\/31\\\/les-evenements-du-hangar-zero-en-fevrier-un-mois-riche-en-decouvertes-et-en-partage\\\/#primaryimage\"},\"thumbnailUrl\":\"https:\\\/\\\/lehangarzero.fr\\\/wp-content\\\/uploads\\\/2025\\\/01\\\/Design-sans-titre-3.png\",\"datePublished\":\"2025-01-31T15:03:30+00:00\",\"dateModified\":\"2025-02-05T11:17:20+00:00\",\"description\":\"D\u00e9couvrez la programmation du Hangar Z\u00e9ro en f\u00e9vrier : concerts, ateliers, chantiers participatifs et \u00e9v\u00e9nements engag\u00e9s au Havre. Participez d\u00e8s maintenant !\",\"breadcrumb\":{\"@id\":\"https:\\\/\\\/lehangarzero.fr\\\/2025\\\/01\\\/31\\\/les-evenements-du-hangar-zero-en-fevrier-un-mois-riche-en-decouvertes-et-en-partage\\\/#breadcrumb\"},\"inLanguage\":\"en-US\",\"potentialAction\":[{\"@type\":\"ReadAction\",\"target\":[\"https:\\\/\\\/lehangarzero.fr\\\/2025\\\/01\\\/31\\\/les-evenements-du-hangar-zero-en-fevrier-un-mois-riche-en-decouvertes-et-en-partage\\\/\"]}]},{\"@type\":\"ImageObject\",\"inLanguage\":\"en-US\",\"@id\":\"https:\\\/\\\/lehangarzero.fr\\\/2025\\\/01\\\/31\\\/les-evenements-du-hangar-zero-en-fevrier-un-mois-riche-en-decouvertes-et-en-partage\\\/#primaryimage\",\"url\":\"https:\\\/\\\/lehangarzero.fr\\\/wp-content\\\/uploads\\\/2025\\\/01\\\/Design-sans-titre-3.png\",\"contentUrl\":\"https:\\\/\\\/lehangarzero.fr\\\/wp-content\\\/uploads\\\/2025\\\/01\\\/Design-sans-titre-3.png\",\"width\":2000,\"height\":1414},{\"@type\":\"BreadcrumbList\",\"@id\":\"https:\\\/\\\/lehangarzero.fr\\\/2025\\\/01\\\/31\\\/les-evenements-du-hangar-zero-en-fevrier-un-mois-riche-en-decouvertes-et-en-partage\\\/#breadcrumb\",\"itemListElement\":[{\"@type\":\"ListItem\",\"position\":1,\"name\":\"Accueil\",\"item\":\"https:\\\/\\\/lehangarzero.fr\\\/\"},{\"@type\":\"ListItem\",\"position\":2,\"name\":\"Les \u00e9v\u00e9nements au Havre en f\u00e9vrier : un mois riche en d\u00e9couvertes et en partage !\"}]},{\"@type\":\"WebSite\",\"@id\":\"https:\\\/\\\/lehangarzero.fr\\\/#website\",\"url\":\"https:\\\/\\\/lehangarzero.fr\\\/\",\"name\":\"Le Hangar Z\u00e9ro\",\"description\":\"Le laboratoire de la transition \u00e9cologique et citoyenne\",\"publisher\":{\"@id\":\"https:\\\/\\\/lehangarzero.fr\\\/#organization\"},\"potentialAction\":[{\"@type\":\"SearchAction\",\"target\":{\"@type\":\"EntryPoint\",\"urlTemplate\":\"https:\\\/\\\/lehangarzero.fr\\\/?s={search_term_string}\"},\"query-input\":{\"@type\":\"PropertyValueSpecification\",\"valueRequired\":true,\"valueName\":\"search_term_string\"}}],\"inLanguage\":\"en-US\"},{\"@type\":\"Organization\",\"@id\":\"https:\\\/\\\/lehangarzero.fr\\\/#organization\",\"name\":\"Le Hangar Z\u00e9ro\",\"url\":\"https:\\\/\\\/lehangarzero.fr\\\/\",\"logo\":{\"@type\":\"ImageObject\",\"inLanguage\":\"en-US\",\"@id\":\"https:\\\/\\\/lehangarzero.fr\\\/#\\\/schema\\\/logo\\\/image\\\/\",\"url\":\"https:\\\/\\\/lehangarzero.fr\\\/wp-content\\\/uploads\\\/2022\\\/02\\\/cropped-cropped-logo-hz-blanc-1536x977-1.png\",\"contentUrl\":\"https:\\\/\\\/lehangarzero.fr\\\/wp-content\\\/uploads\\\/2022\\\/02\\\/cropped-cropped-logo-hz-blanc-1536x977-1.png\",\"width\":\"1536\",\"height\":\"977\",\"caption\":\"Le Hangar Z\u00e9ro\"},\"image\":{\"@id\":\"https:\\\/\\\/lehangarzero.fr\\\/#\\\/schema\\\/logo\\\/image\\\/\"}},{\"@type\":\"Person\",\"@id\":\"https:\\\/\\\/lehangarzero.fr\\\/#\\\/schema\\\/person\\\/5baa05261a72c82a5dbf216661701984\",\"name\":\"lehangarzero\",\"image\":{\"@type\":\"ImageObject\",\"inLanguage\":\"en-US\",\"@id\":\"https:\\\/\\\/secure.gravatar.com\\\/avatar\\\/468140627f059143c04a72777499d3a01a15e2857d4cdc339a904b2f845b2abe?s=96&d=mm&r=g\",\"url\":\"https:\\\/\\\/secure.gravatar.com\\\/avatar\\\/468140627f059143c04a72777499d3a01a15e2857d4cdc339a904b2f845b2abe?s=96&d=mm&r=g\",\"contentUrl\":\"https:\\\/\\\/secure.gravatar.com\\\/avatar\\\/468140627f059143c04a72777499d3a01a15e2857d4cdc339a904b2f845b2abe?s=96&d=mm&r=g\",\"caption\":\"lehangarzero\"},\"sameAs\":[\"http:\\\/\\\/lehangarzero.fr\"],\"url\":\"https:\\\/\\\/lehangarzero.fr\\\/en\\\/author\\\/lehangarzero\\\/\"}]}<\/script>\n<!-- \/ Yoast SEO plugin. -->","yoast_head_json":{"title":"Les \u00e9v\u00e9nements au Havre en f\u00e9vrier : un mois riche en d\u00e9couvertes et en partage ! - Le Hangar Z\u00e9ro","description":"D\u00e9couvrez la programmation du Hangar Z\u00e9ro en f\u00e9vrier : concerts, ateliers, chantiers participatifs et \u00e9v\u00e9nements engag\u00e9s au Havre. Participez d\u00e8s maintenant !","robots":{"index":"index","follow":"follow","max-snippet":"max-snippet:-1","max-image-preview":"max-image-preview:large","max-video-preview":"max-video-preview:-1"},"canonical":"https:\/\/lehangarzero.fr\/en\/2025\/01\/31\/les-evenements-du-hangar-zero-en-fevrier-un-mois-riche-en-decouvertes-et-en-partage\/","og_locale":"en_US","og_type":"article","og_title":"Les \u00e9v\u00e9nements au Havre en f\u00e9vrier : un mois riche en d\u00e9couvertes et en partage ! - Le Hangar Z\u00e9ro","og_description":"D\u00e9couvrez la programmation du Hangar Z\u00e9ro en f\u00e9vrier : concerts, ateliers, chantiers participatifs et \u00e9v\u00e9nements engag\u00e9s au Havre. Participez d\u00e8s maintenant !","og_url":"https:\/\/lehangarzero.fr\/en\/2025\/01\/31\/les-evenements-du-hangar-zero-en-fevrier-un-mois-riche-en-decouvertes-et-en-partage\/","og_site_name":"Le Hangar Z\u00e9ro","article_published_time":"2025-01-31T15:03:30+00:00","article_modified_time":"2025-02-05T11:17:20+00:00","og_image":[{"width":2000,"height":1414,"url":"https:\/\/lehangarzero.fr\/wp-content\/uploads\/2025\/01\/Design-sans-titre-3.png","type":"image\/png"}],"author":"lehangarzero","twitter_card":"summary_large_image","twitter_misc":{"Written by":"lehangarzero","Est. reading time":"3 minutes"},"schema":{"@context":"https:\/\/schema.org","@graph":[{"@type":"Article","@id":"https:\/\/lehangarzero.fr\/2025\/01\/31\/les-evenements-du-hangar-zero-en-fevrier-un-mois-riche-en-decouvertes-et-en-partage\/#article","isPartOf":{"@id":"https:\/\/lehangarzero.fr\/2025\/01\/31\/les-evenements-du-hangar-zero-en-fevrier-un-mois-riche-en-decouvertes-et-en-partage\/"},"author":{"name":"lehangarzero","@id":"https:\/\/lehangarzero.fr\/#\/schema\/person\/5baa05261a72c82a5dbf216661701984"},"headline":"Les \u00e9v\u00e9nements au Havre en f\u00e9vrier : un mois riche en d\u00e9couvertes et en partage !","datePublished":"2025-01-31T15:03:30+00:00","dateModified":"2025-02-05T11:17:20+00:00","mainEntityOfPage":{"@id":"https:\/\/lehangarzero.fr\/2025\/01\/31\/les-evenements-du-hangar-zero-en-fevrier-un-mois-riche-en-decouvertes-et-en-partage\/"},"wordCount":430,"commentCount":0,"publisher":{"@id":"https:\/\/lehangarzero.fr\/#organization"},"image":{"@id":"https:\/\/lehangarzero.fr\/2025\/01\/31\/les-evenements-du-hangar-zero-en-fevrier-un-mois-riche-en-decouvertes-et-en-partage\/#primaryimage"},"thumbnailUrl":"https:\/\/lehangarzero.fr\/wp-content\/uploads\/2025\/01\/Design-sans-titre-3.png","articleSection":["Non class\u00e9"],"inLanguage":"en-US","potentialAction":[{"@type":"CommentAction","name":"Comment","target":["https:\/\/lehangarzero.fr\/2025\/01\/31\/les-evenements-du-hangar-zero-en-fevrier-un-mois-riche-en-decouvertes-et-en-partage\/#respond"]}]},{"@type":"WebPage","@id":"https:\/\/lehangarzero.fr\/2025\/01\/31\/les-evenements-du-hangar-zero-en-fevrier-un-mois-riche-en-decouvertes-et-en-partage\/","url":"https:\/\/lehangarzero.fr\/2025\/01\/31\/les-evenements-du-hangar-zero-en-fevrier-un-mois-riche-en-decouvertes-et-en-partage\/","name":"Les \u00e9v\u00e9nements au Havre en f\u00e9vrier : un mois riche en d\u00e9couvertes et en partage ! - Le Hangar Z\u00e9ro","isPartOf":{"@id":"https:\/\/lehangarzero.fr\/#website"},"primaryImageOfPage":{"@id":"https:\/\/lehangarzero.fr\/2025\/01\/31\/les-evenements-du-hangar-zero-en-fevrier-un-mois-riche-en-decouvertes-et-en-partage\/#primaryimage"},"image":{"@id":"https:\/\/lehangarzero.fr\/2025\/01\/31\/les-evenements-du-hangar-zero-en-fevrier-un-mois-riche-en-decouvertes-et-en-partage\/#primaryimage"},"thumbnailUrl":"https:\/\/lehangarzero.fr\/wp-content\/uploads\/2025\/01\/Design-sans-titre-3.png","datePublished":"2025-01-31T15:03:30+00:00","dateModified":"2025-02-05T11:17:20+00:00","description":"D\u00e9couvrez la programmation du Hangar Z\u00e9ro en f\u00e9vrier : concerts, ateliers, chantiers participatifs et \u00e9v\u00e9nements engag\u00e9s au Havre. Participez d\u00e8s maintenant !","breadcrumb":{"@id":"https:\/\/lehangarzero.fr\/2025\/01\/31\/les-evenements-du-hangar-zero-en-fevrier-un-mois-riche-en-decouvertes-et-en-partage\/#breadcrumb"},"inLanguage":"en-US","potentialAction":[{"@type":"ReadAction","target":["https:\/\/lehangarzero.fr\/2025\/01\/31\/les-evenements-du-hangar-zero-en-fevrier-un-mois-riche-en-decouvertes-et-en-partage\/"]}]},{"@type":"ImageObject","inLanguage":"en-US","@id":"https:\/\/lehangarzero.fr\/2025\/01\/31\/les-evenements-du-hangar-zero-en-fevrier-un-mois-riche-en-decouvertes-et-en-partage\/#primaryimage","url":"https:\/\/lehangarzero.fr\/wp-content\/uploads\/2025\/01\/Design-sans-titre-3.png","contentUrl":"https:\/\/lehangarzero.fr\/wp-content\/uploads\/2025\/01\/Design-sans-titre-3.png","width":2000,"height":1414},{"@type":"BreadcrumbList","@id":"https:\/\/lehangarzero.fr\/2025\/01\/31\/les-evenements-du-hangar-zero-en-fevrier-un-mois-riche-en-decouvertes-et-en-partage\/#breadcrumb","itemListElement":[{"@type":"ListItem","position":1,"name":"Accueil","item":"https:\/\/lehangarzero.fr\/"},{"@type":"ListItem","position":2,"name":"Les \u00e9v\u00e9nements au Havre en f\u00e9vrier : un mois riche en d\u00e9couvertes et en partage !"}]},{"@type":"WebSite","@id":"https:\/\/lehangarzero.fr\/#website","url":"https:\/\/lehangarzero.fr\/","name":"Le Hangar Z\u00e9ro","description":"Le laboratoire de la transition \u00e9cologique et citoyenne","publisher":{"@id":"https:\/\/lehangarzero.fr\/#organization"},"potentialAction":[{"@type":"SearchAction","target":{"@type":"EntryPoint","urlTemplate":"https:\/\/lehangarzero.fr\/?s={search_term_string}"},"query-input":{"@type":"PropertyValueSpecification","valueRequired":true,"valueName":"search_term_string"}}],"inLanguage":"en-US"},{"@type":"Organization","@id":"https:\/\/lehangarzero.fr\/#organization","name":"Le Hangar Z\u00e9ro","url":"https:\/\/lehangarzero.fr\/","logo":{"@type":"ImageObject","inLanguage":"en-US","@id":"https:\/\/lehangarzero.fr\/#\/schema\/logo\/image\/","url":"https:\/\/lehangarzero.fr\/wp-content\/uploads\/2022\/02\/cropped-cropped-logo-hz-blanc-1536x977-1.png","contentUrl":"https:\/\/lehangarzero.fr\/wp-content\/uploads\/2022\/02\/cropped-cropped-logo-hz-blanc-1536x977-1.png","width":"1536","height":"977","caption":"Le Hangar Z\u00e9ro"},"image":{"@id":"https:\/\/lehangarzero.fr\/#\/schema\/logo\/image\/"}},{"@type":"Person","@id":"https:\/\/lehangarzero.fr\/#\/schema\/person\/5baa05261a72c82a5dbf216661701984","name":"lehangarzero","image":{"@type":"ImageObject","inLanguage":"en-US","@id":"https:\/\/secure.gravatar.com\/avatar\/468140627f059143c04a72777499d3a01a15e2857d4cdc339a904b2f845b2abe?s=96&d=mm&r=g","url":"https:\/\/secure.gravatar.com\/avatar\/468140627f059143c04a72777499d3a01a15e2857d4cdc339a904b2f845b2abe?s=96&d=mm&r=g","contentUrl":"https:\/\/secure.gravatar.com\/avatar\/468140627f059143c04a72777499d3a01a15e2857d4cdc339a904b2f845b2abe?s=96&d=mm&r=g","caption":"lehangarzero"},"sameAs":["http:\/\/lehangarzero.fr"],"url":"https:\/\/lehangarzero.fr\/en\/author\/lehangarzero\/"}]}},"_links":{"self":[{"href":"https:\/\/lehangarzero.fr\/en\/wp-json\/wp\/v2\/posts\/6837","targetHints":{"allow":["GET"]}}],"collection":[{"href":"https:\/\/lehangarzero.fr\/en\/wp-json\/wp\/v2\/posts"}],"about":[{"href":"https:\/\/lehangarzero.fr\/en\/wp-json\/wp\/v2\/types\/post"}],"author":[{"embeddable":true,"href":"https:\/\/lehangarzero.fr\/en\/wp-json\/wp\/v2\/users\/1"}],"replies":[{"embeddable":true,"href":"https:\/\/lehangarzero.fr\/en\/wp-json\/wp\/v2\/comments?post=6837"}],"version-history":[{"count":8,"href":"https:\/\/lehangarzero.fr\/en\/wp-json\/wp\/v2\/posts\/6837\/revisions"}],"predecessor-version":[{"id":6855,"href":"https:\/\/lehangarzero.fr\/en\/wp-json\/wp\/v2\/posts\/6837\/revisions\/6855"}],"wp:featuredmedia":[{"embeddable":true,"href":"https:\/\/lehangarzero.fr\/en\/wp-json\/wp\/v2\/media\/6841"}],"wp:attachment":[{"href":"https:\/\/lehangarzero.fr\/en\/wp-json\/wp\/v2\/media?parent=6837"}],"wp:term":[{"taxonomy":"category","embeddable":true,"href":"https:\/\/lehangarzero.fr\/en\/wp-json\/wp\/v2\/categories?post=6837"},{"taxonomy":"post_tag","embeddable":true,"href":"https:\/\/lehangarzero.fr\/en\/wp-json\/wp\/v2\/tags?post=6837"}],"curies":[{"name":"wp","href":"https:\/\/api.w.org\/{rel}","templated":true}]}}